{"id":2584,"date":"2026-04-02T15:31:00","date_gmt":"2026-04-02T14:31:00","guid":{"rendered":"https:\/\/hostelpekarna.eu\/?p=2584"},"modified":"2026-04-03T10:45:32","modified_gmt":"2026-04-03T09:45:32","slug":"hop-na-srecanju-konzorcija-slovenia-green-2026","status":"publish","type":"post","link":"https:\/\/hostelpekarna.eu\/sl\/hop-na-srecanju-konzorcija-slovenia-green-2026\/","title":{"rendered":"HOP na sre\u010danju Konzorcija Slovenia Green 2026"},"content":{"rendered":"\n<p><strong>Vodja Hostla Pekarna Maja Stoporko in organizatorka za stike z javnostmi na MKC Maribor \u017diva Mijatovi\u0107 sta se udele\u017eili prvega sre\u010danja \u010dlanov Konzorcija Slovenia Green 2026. Sre\u010danje je pod naslovom Kako vplivne\u017ei in uporabniki spreminjajo marketing potekalo v \u017dalcu.<\/strong><\/p>\n\n\n\n<p>\u017dalec, natan\u010dneje Ekomuzej hmeljarstva in pivovarstva Slovenije, je v \u010detrtek, 2. aprila 2026, gostil prvo sre\u010danje \u010dlanov Konzorcija Slovenia Green 2026. Udele\u017eili sta se ga tudi vodja Hostla Pekarna <strong>Maja Stoporko<\/strong> in organizatorka za stike z javnostmi na MKC Maribor <strong>\u017diva Mijatovi\u0107<\/strong>.<\/p>\n\n\n\n<p>Dogodek se je za\u010del s predavenjm Od navdiha do potovanja: kako vplivnostni marketing spreminja destinacijski marketing. Predavanje je vodila Tja\u0161a Bogelji\u0107, direktorica podjetja za inovativni marketing Media Cirkus in specializirane agencije za vplivnostni marketing Webfluential Slovenia.<br>Na predavanju je poudarila odgovore na vpra\u0161anja, kot so kako se vloga vplivne\u017eev v turizmu spreminja in kaj napovedujejo novi trendi, katere modele sodelovanja lahko destinacije vzpostavijo z vplivne\u017ei, zakaj so podatki klju\u010dni pri izvajanju vplivnostnega marketinga in kak\u0161ne prilo\u017enosti prina\u0161ajo napredne tehnologije, umetna inteligenca in analitika.<\/p>\n\n\n\n<p>Sledilo je predavanje \u0160pele Dolinar, strokovnjakinje za marketing in odnose z javnostmi v turizmu, soustanoviteljiice portala glamping.si ter ustvarjalke zgodbe Chateau Ram\u0161ak. \u0160pela Dolinar trenutno tudi aktivno sodeluje pri razvoju in promociji Jasna Natur Resorta. Na predavanju Od objave do razervacije so udele\u017eenci med drugim izvedeli, kako v praksi izbiramo influencerje (mikro vs. ve\u010dji, pomen prave publike), kako postaviti sodelovanje, ki je win-win (brief, pri\u010dakovanja, pravice uporabe vsebin) in katere so najpogostej\u0161e napake pri sodelovanju z influencerji.<\/p>\n\n\n\n<p>Kot primer dobre prakse sodelovanje z vplivne\u017ei in ustvarjalci digitalnih vsebin je bil na sre\u010danju predstavljen Turizem Bohinj.  Strokovnemu delu je nato sledil \u0161e vodeni ogled celotnega muzeja. Predstavili so tudi ponudno aktivnosti, kot sta preizku\u0161anje interaktivnega do\u017eivetja \u00bbZvari svoje pivo\u00ab in spoznavanje \u00bbzelenega zlata\u00ab z VR o\u010dali.<\/p>\n\n\n\n<figure class=\"wp-block-gallery has-nested-images columns-default is-cropped wp-block-gallery-1 is-layout-flex wp-block-gallery-is-layout-flex\">\n<figure class=\"wp-block-image size-large\"><img fetchpriority=\"high\" decoding=\"async\" width=\"768\" height=\"1024\" data-id=\"2586\" src=\"https:\/\/hostelpekarna.eu\/wp-content\/uploads\/2026\/04\/656806825_801537555902523_8090653494735025624_n-768x1024.jpg\" alt=\"\" class=\"wp-image-2586\" srcset=\"https:\/\/hostelpekarna.eu\/wp-content\/uploads\/2026\/04\/656806825_801537555902523_8090653494735025624_n-768x1024.jpg 768w, https:\/\/hostelpekarna.eu\/wp-content\/uploads\/2026\/04\/656806825_801537555902523_8090653494735025624_n-225x300.jpg 225w, https:\/\/hostelpekarna.eu\/wp-content\/uploads\/2026\/04\/656806825_801537555902523_8090653494735025624_n-1152x1536.jpg 1152w, https:\/\/hostelpekarna.eu\/wp-content\/uploads\/2026\/04\/656806825_801537555902523_8090653494735025624_n-9x12.jpg 9w, https:\/\/hostelpekarna.eu\/wp-content\/uploads\/2026\/04\/656806825_801537555902523_8090653494735025624_n.jpg 1536w\" sizes=\"(max-width: 768px) 100vw, 768px\" \/><\/figure>\n\n\n\n<figure class=\"wp-block-image size-large\"><img decoding=\"async\" width=\"768\" height=\"1024\" data-id=\"2585\" src=\"https:\/\/hostelpekarna.eu\/wp-content\/uploads\/2026\/04\/656628798_1197744468938204_5338920452745001491_n-768x1024.jpg\" alt=\"\" class=\"wp-image-2585\" srcset=\"https:\/\/hostelpekarna.eu\/wp-content\/uploads\/2026\/04\/656628798_1197744468938204_5338920452745001491_n-768x1024.jpg 768w, https:\/\/hostelpekarna.eu\/wp-content\/uploads\/2026\/04\/656628798_1197744468938204_5338920452745001491_n-225x300.jpg 225w, https:\/\/hostelpekarna.eu\/wp-content\/uploads\/2026\/04\/656628798_1197744468938204_5338920452745001491_n-1152x1536.jpg 1152w, https:\/\/hostelpekarna.eu\/wp-content\/uploads\/2026\/04\/656628798_1197744468938204_5338920452745001491_n-9x12.jpg 9w, https:\/\/hostelpekarna.eu\/wp-content\/uploads\/2026\/04\/656628798_1197744468938204_5338920452745001491_n.jpg 1536w\" sizes=\"(max-width: 768px) 100vw, 768px\" \/><\/figure>\n\n\n\n<figure class=\"wp-block-image size-large\"><img decoding=\"async\" width=\"768\" height=\"1024\" data-id=\"2587\" src=\"https:\/\/hostelpekarna.eu\/wp-content\/uploads\/2026\/04\/658386112_912734401601220_216793541556672047_n-768x1024.jpg\" alt=\"\" class=\"wp-image-2587\" srcset=\"https:\/\/hostelpekarna.eu\/wp-content\/uploads\/2026\/04\/658386112_912734401601220_216793541556672047_n-768x1024.jpg 768w, https:\/\/hostelpekarna.eu\/wp-content\/uploads\/2026\/04\/658386112_912734401601220_216793541556672047_n-225x300.jpg 225w, https:\/\/hostelpekarna.eu\/wp-content\/uploads\/2026\/04\/658386112_912734401601220_216793541556672047_n-1152x1536.jpg 1152w, https:\/\/hostelpekarna.eu\/wp-content\/uploads\/2026\/04\/658386112_912734401601220_216793541556672047_n-9x12.jpg 9w, https:\/\/hostelpekarna.eu\/wp-content\/uploads\/2026\/04\/658386112_912734401601220_216793541556672047_n.jpg 1536w\" sizes=\"(max-width: 768px) 100vw, 768px\" \/><\/figure>\n<\/figure>\n","protected":false},"excerpt":{"rendered":"<p>Vodja Hostla Pekarna Maja Stoporko in organizatorka za stike z javnostmi na MKC Maribor \u017diva Mijatovi\u0107 sta se udele\u017eili prvega sre\u010danja \u010dlanov Konzorcija Slovenia Green 2026. Sre\u010danje je pod naslovom Kako vplivne\u017ei in uporabniki spreminjajo marketing potekalo v \u017dalcu. \u017dalec, natan\u010dneje Ekomuzej hmeljarstva in pivovarstva Slovenije, je v \u010detrtek, 2. aprila 2026, gostil prvo sre\u010danje [&hellip;]<\/p>\n","protected":false},"author":4,"featured_media":2585,"comment_status":"closed","ping_status":"closed","sticky":false,"template":"","format":"standard","meta":{"footnotes":""},"categories":[6],"tags":[],"class_list":["post-2584","post","type-post","status-publish","format-standard","has-post-thumbnail","hentry","category-novice"],"yoast_head":"<!-- This site is optimized with the Yoast SEO plugin v27.4 - https:\/\/yoast.com\/product\/yoast-seo-wordpress\/ -->\n<title>HOP na sre\u010danju Konzorcija Slovenia Green 2026 - Hostel Pekarna<\/title>\n<meta name=\"description\" content=\"Del kolektiva Hostla Pekarna se je udele\u017eil prvega sre\u010danja \u010dlanov Konzorcija Slovenia Green 2026, ki je potekal v \u017dalcu.\" \/>\n<meta name=\"robots\" content=\"index, follow, max-snippet:-1, max-image-preview:large, max-video-preview:-1\" \/>\n<link rel=\"canonical\" href=\"https:\/\/hostelpekarna.eu\/sl\/hop-na-srecanju-konzorcija-slovenia-green-2026\/\" \/>\n<meta property=\"og:locale\" content=\"sl_SI\" \/>\n<meta property=\"og:type\" content=\"article\" \/>\n<meta property=\"og:title\" content=\"HOP na sre\u010danju Konzorcija Slovenia Green 2026 - Hostel Pekarna\" \/>\n<meta property=\"og:description\" content=\"Del kolektiva Hostla Pekarna se je udele\u017eil prvega sre\u010danja \u010dlanov Konzorcija Slovenia Green 2026, ki je potekal v \u017dalcu.\" \/>\n<meta property=\"og:url\" content=\"https:\/\/hostelpekarna.eu\/sl\/hop-na-srecanju-konzorcija-slovenia-green-2026\/\" \/>\n<meta property=\"og:site_name\" content=\"Hostel Pekarna\" \/>\n<meta property=\"article:published_time\" content=\"2026-04-02T14:31:00+00:00\" \/>\n<meta property=\"article:modified_time\" content=\"2026-04-03T09:45:32+00:00\" \/>\n<meta property=\"og:image\" content=\"https:\/\/hostelpekarna.eu\/wp-content\/uploads\/2026\/04\/656628798_1197744468938204_5338920452745001491_n.jpg\" \/>\n\t<meta property=\"og:image:width\" content=\"1536\" \/>\n\t<meta property=\"og:image:height\" content=\"2048\" \/>\n\t<meta property=\"og:image:type\" content=\"image\/jpeg\" \/>\n<meta name=\"author\" content=\"Hostel Pekarna\" \/>\n<meta name=\"twitter:card\" content=\"summary_large_image\" \/>\n<meta name=\"twitter:label1\" content=\"Written by\" \/>\n\t<meta name=\"twitter:data1\" content=\"Hostel Pekarna\" \/>\n\t<meta name=\"twitter:label2\" content=\"Est. reading time\" \/>\n\t<meta name=\"twitter:data2\" content=\"3 minute\" \/>\n<script type=\"application\/ld+json\" class=\"yoast-schema-graph\">{\"@context\":\"https:\\\/\\\/schema.org\",\"@graph\":[{\"@type\":\"Article\",\"@id\":\"https:\\\/\\\/hostelpekarna.eu\\\/hop-na-srecanju-konzorcija-slovenia-green-2026\\\/#article\",\"isPartOf\":{\"@id\":\"https:\\\/\\\/hostelpekarna.eu\\\/hop-na-srecanju-konzorcija-slovenia-green-2026\\\/\"},\"author\":{\"name\":\"Hostel Pekarna\",\"@id\":\"https:\\\/\\\/hostelpekarna.eu\\\/#\\\/schema\\\/person\\\/e3f096bb4c775af350db60953d8fdbfc\"},\"headline\":\"HOP na sre\u010danju Konzorcija Slovenia Green 2026\",\"datePublished\":\"2026-04-02T14:31:00+00:00\",\"dateModified\":\"2026-04-03T09:45:32+00:00\",\"mainEntityOfPage\":{\"@id\":\"https:\\\/\\\/hostelpekarna.eu\\\/hop-na-srecanju-konzorcija-slovenia-green-2026\\\/\"},\"wordCount\":319,\"publisher\":{\"@id\":\"https:\\\/\\\/hostelpekarna.eu\\\/#organization\"},\"image\":{\"@id\":\"https:\\\/\\\/hostelpekarna.eu\\\/hop-na-srecanju-konzorcija-slovenia-green-2026\\\/#primaryimage\"},\"thumbnailUrl\":\"https:\\\/\\\/hostelpekarna.eu\\\/wp-content\\\/uploads\\\/2026\\\/04\\\/656628798_1197744468938204_5338920452745001491_n.jpg\",\"articleSection\":[\"Novice\"],\"inLanguage\":\"sl-SI\"},{\"@type\":\"WebPage\",\"@id\":\"https:\\\/\\\/hostelpekarna.eu\\\/hop-na-srecanju-konzorcija-slovenia-green-2026\\\/\",\"url\":\"https:\\\/\\\/hostelpekarna.eu\\\/hop-na-srecanju-konzorcija-slovenia-green-2026\\\/\",\"name\":\"HOP na sre\u010danju Konzorcija Slovenia Green 2026 - Hostel Pekarna\",\"isPartOf\":{\"@id\":\"https:\\\/\\\/hostelpekarna.eu\\\/#website\"},\"primaryImageOfPage\":{\"@id\":\"https:\\\/\\\/hostelpekarna.eu\\\/hop-na-srecanju-konzorcija-slovenia-green-2026\\\/#primaryimage\"},\"image\":{\"@id\":\"https:\\\/\\\/hostelpekarna.eu\\\/hop-na-srecanju-konzorcija-slovenia-green-2026\\\/#primaryimage\"},\"thumbnailUrl\":\"https:\\\/\\\/hostelpekarna.eu\\\/wp-content\\\/uploads\\\/2026\\\/04\\\/656628798_1197744468938204_5338920452745001491_n.jpg\",\"datePublished\":\"2026-04-02T14:31:00+00:00\",\"dateModified\":\"2026-04-03T09:45:32+00:00\",\"description\":\"Del kolektiva Hostla Pekarna se je udele\u017eil prvega sre\u010danja \u010dlanov Konzorcija Slovenia Green 2026, ki je potekal v \u017dalcu.\",\"breadcrumb\":{\"@id\":\"https:\\\/\\\/hostelpekarna.eu\\\/hop-na-srecanju-konzorcija-slovenia-green-2026\\\/#breadcrumb\"},\"inLanguage\":\"sl-SI\",\"potentialAction\":[{\"@type\":\"ReadAction\",\"target\":[\"https:\\\/\\\/hostelpekarna.eu\\\/hop-na-srecanju-konzorcija-slovenia-green-2026\\\/\"]}]},{\"@type\":\"ImageObject\",\"inLanguage\":\"sl-SI\",\"@id\":\"https:\\\/\\\/hostelpekarna.eu\\\/hop-na-srecanju-konzorcija-slovenia-green-2026\\\/#primaryimage\",\"url\":\"https:\\\/\\\/hostelpekarna.eu\\\/wp-content\\\/uploads\\\/2026\\\/04\\\/656628798_1197744468938204_5338920452745001491_n.jpg\",\"contentUrl\":\"https:\\\/\\\/hostelpekarna.eu\\\/wp-content\\\/uploads\\\/2026\\\/04\\\/656628798_1197744468938204_5338920452745001491_n.jpg\",\"width\":1536,\"height\":2048,\"caption\":\"fotkas predavanj\"},{\"@type\":\"BreadcrumbList\",\"@id\":\"https:\\\/\\\/hostelpekarna.eu\\\/hop-na-srecanju-konzorcija-slovenia-green-2026\\\/#breadcrumb\",\"itemListElement\":[{\"@type\":\"ListItem\",\"position\":1,\"name\":\"Home\",\"item\":\"https:\\\/\\\/hostelpekarna.eu\\\/\"},{\"@type\":\"ListItem\",\"position\":2,\"name\":\"HOP na sre\u010danju Konzorcija Slovenia Green 2026\"}]},{\"@type\":\"WebSite\",\"@id\":\"https:\\\/\\\/hostelpekarna.eu\\\/#website\",\"url\":\"https:\\\/\\\/hostelpekarna.eu\\\/\",\"name\":\"Hostel Pekarna\",\"description\":\"\",\"publisher\":{\"@id\":\"https:\\\/\\\/hostelpekarna.eu\\\/#organization\"},\"potentialAction\":[{\"@type\":\"SearchAction\",\"target\":{\"@type\":\"EntryPoint\",\"urlTemplate\":\"https:\\\/\\\/hostelpekarna.eu\\\/?s={search_term_string}\"},\"query-input\":{\"@type\":\"PropertyValueSpecification\",\"valueRequired\":true,\"valueName\":\"search_term_string\"}}],\"inLanguage\":\"sl-SI\"},{\"@type\":\"Organization\",\"@id\":\"https:\\\/\\\/hostelpekarna.eu\\\/#organization\",\"name\":\"Hostel Pekarna\",\"url\":\"https:\\\/\\\/hostelpekarna.eu\\\/\",\"logo\":{\"@type\":\"ImageObject\",\"inLanguage\":\"sl-SI\",\"@id\":\"https:\\\/\\\/hostelpekarna.eu\\\/#\\\/schema\\\/logo\\\/image\\\/\",\"url\":\"https:\\\/\\\/hostelpekarna.eu\\\/wp-content\\\/uploads\\\/2023\\\/07\\\/hostel_pekarna_maribor_slovenia_logo.png\",\"contentUrl\":\"https:\\\/\\\/hostelpekarna.eu\\\/wp-content\\\/uploads\\\/2023\\\/07\\\/hostel_pekarna_maribor_slovenia_logo.png\",\"width\":1644,\"height\":859,\"caption\":\"Hostel Pekarna\"},\"image\":{\"@id\":\"https:\\\/\\\/hostelpekarna.eu\\\/#\\\/schema\\\/logo\\\/image\\\/\"}},{\"@type\":\"Person\",\"@id\":\"https:\\\/\\\/hostelpekarna.eu\\\/#\\\/schema\\\/person\\\/e3f096bb4c775af350db60953d8fdbfc\",\"name\":\"Hostel Pekarna\",\"image\":{\"@type\":\"ImageObject\",\"inLanguage\":\"sl-SI\",\"@id\":\"https:\\\/\\\/secure.gravatar.com\\\/avatar\\\/74cbbf9e878881ad0075ad465ca70a5a53172eccf8c6bbc02cb9313ad791434e?s=96&d=mm&r=g\",\"url\":\"https:\\\/\\\/secure.gravatar.com\\\/avatar\\\/74cbbf9e878881ad0075ad465ca70a5a53172eccf8c6bbc02cb9313ad791434e?s=96&d=mm&r=g\",\"contentUrl\":\"https:\\\/\\\/secure.gravatar.com\\\/avatar\\\/74cbbf9e878881ad0075ad465ca70a5a53172eccf8c6bbc02cb9313ad791434e?s=96&d=mm&r=g\",\"caption\":\"Hostel Pekarna\"},\"url\":\"https:\\\/\\\/hostelpekarna.eu\\\/sl\\\/author\\\/ziva-mijatovicmkc-si\\\/\"}]}<\/script>\n<!-- \/ Yoast SEO plugin. -->","yoast_head_json":{"title":"HOP na sre\u010danju Konzorcija Slovenia Green 2026 - Hostel Pekarna","description":"Del kolektiva Hostla Pekarna se je udele\u017eil prvega sre\u010danja \u010dlanov Konzorcija Slovenia Green 2026, ki je potekal v \u017dalcu.","robots":{"index":"index","follow":"follow","max-snippet":"max-snippet:-1","max-image-preview":"max-image-preview:large","max-video-preview":"max-video-preview:-1"},"canonical":"https:\/\/hostelpekarna.eu\/sl\/hop-na-srecanju-konzorcija-slovenia-green-2026\/","og_locale":"sl_SI","og_type":"article","og_title":"HOP na sre\u010danju Konzorcija Slovenia Green 2026 - Hostel Pekarna","og_description":"Del kolektiva Hostla Pekarna se je udele\u017eil prvega sre\u010danja \u010dlanov Konzorcija Slovenia Green 2026, ki je potekal v \u017dalcu.","og_url":"https:\/\/hostelpekarna.eu\/sl\/hop-na-srecanju-konzorcija-slovenia-green-2026\/","og_site_name":"Hostel Pekarna","article_published_time":"2026-04-02T14:31:00+00:00","article_modified_time":"2026-04-03T09:45:32+00:00","og_image":[{"width":1536,"height":2048,"url":"https:\/\/hostelpekarna.eu\/wp-content\/uploads\/2026\/04\/656628798_1197744468938204_5338920452745001491_n.jpg","type":"image\/jpeg"}],"author":"Hostel Pekarna","twitter_card":"summary_large_image","twitter_misc":{"Written by":"Hostel Pekarna","Est. reading time":"3 minute"},"schema":{"@context":"https:\/\/schema.org","@graph":[{"@type":"Article","@id":"https:\/\/hostelpekarna.eu\/hop-na-srecanju-konzorcija-slovenia-green-2026\/#article","isPartOf":{"@id":"https:\/\/hostelpekarna.eu\/hop-na-srecanju-konzorcija-slovenia-green-2026\/"},"author":{"name":"Hostel Pekarna","@id":"https:\/\/hostelpekarna.eu\/#\/schema\/person\/e3f096bb4c775af350db60953d8fdbfc"},"headline":"HOP na sre\u010danju Konzorcija Slovenia Green 2026","datePublished":"2026-04-02T14:31:00+00:00","dateModified":"2026-04-03T09:45:32+00:00","mainEntityOfPage":{"@id":"https:\/\/hostelpekarna.eu\/hop-na-srecanju-konzorcija-slovenia-green-2026\/"},"wordCount":319,"publisher":{"@id":"https:\/\/hostelpekarna.eu\/#organization"},"image":{"@id":"https:\/\/hostelpekarna.eu\/hop-na-srecanju-konzorcija-slovenia-green-2026\/#primaryimage"},"thumbnailUrl":"https:\/\/hostelpekarna.eu\/wp-content\/uploads\/2026\/04\/656628798_1197744468938204_5338920452745001491_n.jpg","articleSection":["Novice"],"inLanguage":"sl-SI"},{"@type":"WebPage","@id":"https:\/\/hostelpekarna.eu\/hop-na-srecanju-konzorcija-slovenia-green-2026\/","url":"https:\/\/hostelpekarna.eu\/hop-na-srecanju-konzorcija-slovenia-green-2026\/","name":"HOP na sre\u010danju Konzorcija Slovenia Green 2026 - Hostel Pekarna","isPartOf":{"@id":"https:\/\/hostelpekarna.eu\/#website"},"primaryImageOfPage":{"@id":"https:\/\/hostelpekarna.eu\/hop-na-srecanju-konzorcija-slovenia-green-2026\/#primaryimage"},"image":{"@id":"https:\/\/hostelpekarna.eu\/hop-na-srecanju-konzorcija-slovenia-green-2026\/#primaryimage"},"thumbnailUrl":"https:\/\/hostelpekarna.eu\/wp-content\/uploads\/2026\/04\/656628798_1197744468938204_5338920452745001491_n.jpg","datePublished":"2026-04-02T14:31:00+00:00","dateModified":"2026-04-03T09:45:32+00:00","description":"Del kolektiva Hostla Pekarna se je udele\u017eil prvega sre\u010danja \u010dlanov Konzorcija Slovenia Green 2026, ki je potekal v \u017dalcu.","breadcrumb":{"@id":"https:\/\/hostelpekarna.eu\/hop-na-srecanju-konzorcija-slovenia-green-2026\/#breadcrumb"},"inLanguage":"sl-SI","potentialAction":[{"@type":"ReadAction","target":["https:\/\/hostelpekarna.eu\/hop-na-srecanju-konzorcija-slovenia-green-2026\/"]}]},{"@type":"ImageObject","inLanguage":"sl-SI","@id":"https:\/\/hostelpekarna.eu\/hop-na-srecanju-konzorcija-slovenia-green-2026\/#primaryimage","url":"https:\/\/hostelpekarna.eu\/wp-content\/uploads\/2026\/04\/656628798_1197744468938204_5338920452745001491_n.jpg","contentUrl":"https:\/\/hostelpekarna.eu\/wp-content\/uploads\/2026\/04\/656628798_1197744468938204_5338920452745001491_n.jpg","width":1536,"height":2048,"caption":"fotkas predavanj"},{"@type":"BreadcrumbList","@id":"https:\/\/hostelpekarna.eu\/hop-na-srecanju-konzorcija-slovenia-green-2026\/#breadcrumb","itemListElement":[{"@type":"ListItem","position":1,"name":"Home","item":"https:\/\/hostelpekarna.eu\/"},{"@type":"ListItem","position":2,"name":"HOP na sre\u010danju Konzorcija Slovenia Green 2026"}]},{"@type":"WebSite","@id":"https:\/\/hostelpekarna.eu\/#website","url":"https:\/\/hostelpekarna.eu\/","name":"Hostel Pekarna","description":"","publisher":{"@id":"https:\/\/hostelpekarna.eu\/#organization"},"potentialAction":[{"@type":"SearchAction","target":{"@type":"EntryPoint","urlTemplate":"https:\/\/hostelpekarna.eu\/?s={search_term_string}"},"query-input":{"@type":"PropertyValueSpecification","valueRequired":true,"valueName":"search_term_string"}}],"inLanguage":"sl-SI"},{"@type":"Organization","@id":"https:\/\/hostelpekarna.eu\/#organization","name":"Hostel Pekarna","url":"https:\/\/hostelpekarna.eu\/","logo":{"@type":"ImageObject","inLanguage":"sl-SI","@id":"https:\/\/hostelpekarna.eu\/#\/schema\/logo\/image\/","url":"https:\/\/hostelpekarna.eu\/wp-content\/uploads\/2023\/07\/hostel_pekarna_maribor_slovenia_logo.png","contentUrl":"https:\/\/hostelpekarna.eu\/wp-content\/uploads\/2023\/07\/hostel_pekarna_maribor_slovenia_logo.png","width":1644,"height":859,"caption":"Hostel Pekarna"},"image":{"@id":"https:\/\/hostelpekarna.eu\/#\/schema\/logo\/image\/"}},{"@type":"Person","@id":"https:\/\/hostelpekarna.eu\/#\/schema\/person\/e3f096bb4c775af350db60953d8fdbfc","name":"Hostel Pekarna","image":{"@type":"ImageObject","inLanguage":"sl-SI","@id":"https:\/\/secure.gravatar.com\/avatar\/74cbbf9e878881ad0075ad465ca70a5a53172eccf8c6bbc02cb9313ad791434e?s=96&d=mm&r=g","url":"https:\/\/secure.gravatar.com\/avatar\/74cbbf9e878881ad0075ad465ca70a5a53172eccf8c6bbc02cb9313ad791434e?s=96&d=mm&r=g","contentUrl":"https:\/\/secure.gravatar.com\/avatar\/74cbbf9e878881ad0075ad465ca70a5a53172eccf8c6bbc02cb9313ad791434e?s=96&d=mm&r=g","caption":"Hostel Pekarna"},"url":"https:\/\/hostelpekarna.eu\/sl\/author\/ziva-mijatovicmkc-si\/"}]}},"_links":{"self":[{"href":"https:\/\/hostelpekarna.eu\/sl\/wp-json\/wp\/v2\/posts\/2584","targetHints":{"allow":["GET"]}}],"collection":[{"href":"https:\/\/hostelpekarna.eu\/sl\/wp-json\/wp\/v2\/posts"}],"about":[{"href":"https:\/\/hostelpekarna.eu\/sl\/wp-json\/wp\/v2\/types\/post"}],"author":[{"embeddable":true,"href":"https:\/\/hostelpekarna.eu\/sl\/wp-json\/wp\/v2\/users\/4"}],"replies":[{"embeddable":true,"href":"https:\/\/hostelpekarna.eu\/sl\/wp-json\/wp\/v2\/comments?post=2584"}],"version-history":[{"count":1,"href":"https:\/\/hostelpekarna.eu\/sl\/wp-json\/wp\/v2\/posts\/2584\/revisions"}],"predecessor-version":[{"id":2588,"href":"https:\/\/hostelpekarna.eu\/sl\/wp-json\/wp\/v2\/posts\/2584\/revisions\/2588"}],"wp:featuredmedia":[{"embeddable":true,"href":"https:\/\/hostelpekarna.eu\/sl\/wp-json\/wp\/v2\/media\/2585"}],"wp:attachment":[{"href":"https:\/\/hostelpekarna.eu\/sl\/wp-json\/wp\/v2\/media?parent=2584"}],"wp:term":[{"taxonomy":"category","embeddable":true,"href":"https:\/\/hostelpekarna.eu\/sl\/wp-json\/wp\/v2\/categories?post=2584"},{"taxonomy":"post_tag","embeddable":true,"href":"https:\/\/hostelpekarna.eu\/sl\/wp-json\/wp\/v2\/tags?post=2584"}],"curies":[{"name":"wp","href":"https:\/\/api.w.org\/{rel}","templated":true}]}}