{"id":2580,"date":"2026-04-01T10:25:17","date_gmt":"2026-04-01T09:25:17","guid":{"rendered":"https:\/\/hostelpekarna.eu\/?p=2580"},"modified":"2026-04-03T10:30:52","modified_gmt":"2026-04-03T09:30:52","slug":"odpiralni-cas-hostla-pekarna-v-aprilu","status":"publish","type":"post","link":"https:\/\/hostelpekarna.eu\/sl\/odpiralni-cas-hostla-pekarna-v-aprilu\/","title":{"rendered":"Odpiralni \u010das Hostla Pekarna v aprilu"},"content":{"rendered":"\n<p><strong>Odpiralni \u010das Hostla Pekarna ob ob praznikih in predprazni\u010dnih nedeljah nekoliko spremenjen.<\/strong><\/p>\n\n\n\n<p>Hostel Pekarna bo aprila 2026 odprt nekoliko spremenjenem odpiralnem \u010dasu. Od ponedeljka do petka bo recepcija odprta od 8. do 21. ure. Ob sobotah in nedeljah je odpiralni \u010das od 8. do 20. ure. Izjeme so prazniki in nekaj predprazni\u010dnih nedelj. In sicer 6., 12., 26. in 27. april 2026, ko bo recepcija odprta od 8. ure do 17.30.<\/p>\n\n\n\n<p>Gostom se zahvaljujemo za razumevanje.<\/p>\n\n\n\n<figure class=\"wp-block-gallery has-nested-images columns-default is-cropped wp-block-gallery-1 is-layout-flex wp-block-gallery-is-layout-flex\">\n<figure class=\"wp-block-image size-large\"><img fetchpriority=\"high\" decoding=\"async\" width=\"819\" height=\"1024\" data-id=\"2582\" src=\"https:\/\/hostelpekarna.eu\/wp-content\/uploads\/2026\/04\/660475827_1558416552952481_8787930262776719005_n-819x1024.jpg\" alt=\"\" class=\"wp-image-2582\" srcset=\"https:\/\/hostelpekarna.eu\/wp-content\/uploads\/2026\/04\/660475827_1558416552952481_8787930262776719005_n-819x1024.jpg 819w, https:\/\/hostelpekarna.eu\/wp-content\/uploads\/2026\/04\/660475827_1558416552952481_8787930262776719005_n-240x300.jpg 240w, https:\/\/hostelpekarna.eu\/wp-content\/uploads\/2026\/04\/660475827_1558416552952481_8787930262776719005_n-768x960.jpg 768w, https:\/\/hostelpekarna.eu\/wp-content\/uploads\/2026\/04\/660475827_1558416552952481_8787930262776719005_n-10x12.jpg 10w, https:\/\/hostelpekarna.eu\/wp-content\/uploads\/2026\/04\/660475827_1558416552952481_8787930262776719005_n.jpg 1080w\" sizes=\"(max-width: 819px) 100vw, 819px\" \/><\/figure>\n\n\n\n<figure class=\"wp-block-image size-large\"><img decoding=\"async\" width=\"819\" height=\"1024\" data-id=\"2581\" src=\"https:\/\/hostelpekarna.eu\/wp-content\/uploads\/2026\/04\/660450984_1558416799619123_2160423009937057317_n-819x1024.jpg\" alt=\"\" class=\"wp-image-2581\" srcset=\"https:\/\/hostelpekarna.eu\/wp-content\/uploads\/2026\/04\/660450984_1558416799619123_2160423009937057317_n-819x1024.jpg 819w, https:\/\/hostelpekarna.eu\/wp-content\/uploads\/2026\/04\/660450984_1558416799619123_2160423009937057317_n-240x300.jpg 240w, https:\/\/hostelpekarna.eu\/wp-content\/uploads\/2026\/04\/660450984_1558416799619123_2160423009937057317_n-768x960.jpg 768w, https:\/\/hostelpekarna.eu\/wp-content\/uploads\/2026\/04\/660450984_1558416799619123_2160423009937057317_n-10x12.jpg 10w, https:\/\/hostelpekarna.eu\/wp-content\/uploads\/2026\/04\/660450984_1558416799619123_2160423009937057317_n.jpg 1080w\" sizes=\"(max-width: 819px) 100vw, 819px\" \/><\/figure>\n<\/figure>\n\n\n\n<p><\/p>\n","protected":false},"excerpt":{"rendered":"<p>Odpiralni \u010das Hostla Pekarna ob ob praznikih in predprazni\u010dnih nedeljah nekoliko spremenjen. Hostel Pekarna bo aprila 2026 odprt nekoliko spremenjenem odpiralnem \u010dasu. Od ponedeljka do petka bo recepcija odprta od 8. do 21. ure. Ob sobotah in nedeljah je odpiralni \u010das od 8. do 20. ure. Izjeme so prazniki in nekaj predprazni\u010dnih nedelj. In sicer [&hellip;]<\/p>\n","protected":false},"author":4,"featured_media":2582,"comment_status":"closed","ping_status":"closed","sticky":false,"template":"","format":"standard","meta":{"footnotes":""},"categories":[7],"tags":[],"class_list":["post-2580","post","type-post","status-publish","format-standard","has-post-thumbnail","hentry","category-obvestila"],"yoast_head":"<!-- This site is optimized with the Yoast SEO plugin v27.4 - https:\/\/yoast.com\/product\/yoast-seo-wordpress\/ -->\n<title>Odpiralni \u010das Hostla Pekarna v aprilu - Hostel Pekarna<\/title>\n<meta name=\"description\" content=\"Odpiralni \u010das Hostla Pekarna ob ob praznikih in predprazni\u010dnih nedeljah nekoliko spremenjen.\" \/>\n<meta name=\"robots\" content=\"index, follow, max-snippet:-1, max-image-preview:large, max-video-preview:-1\" \/>\n<link rel=\"canonical\" href=\"https:\/\/hostelpekarna.eu\/sl\/odpiralni-cas-hostla-pekarna-v-aprilu\/\" \/>\n<meta property=\"og:locale\" content=\"sl_SI\" \/>\n<meta property=\"og:type\" content=\"article\" \/>\n<meta property=\"og:title\" content=\"Odpiralni \u010das Hostla Pekarna v aprilu - Hostel Pekarna\" \/>\n<meta property=\"og:description\" content=\"Odpiralni \u010das Hostla Pekarna ob ob praznikih in predprazni\u010dnih nedeljah nekoliko spremenjen.\" \/>\n<meta property=\"og:url\" content=\"https:\/\/hostelpekarna.eu\/sl\/odpiralni-cas-hostla-pekarna-v-aprilu\/\" \/>\n<meta property=\"og:site_name\" content=\"Hostel Pekarna\" \/>\n<meta property=\"article:published_time\" content=\"2026-04-01T09:25:17+00:00\" \/>\n<meta property=\"article:modified_time\" content=\"2026-04-03T09:30:52+00:00\" \/>\n<meta property=\"og:image\" content=\"https:\/\/hostelpekarna.eu\/wp-content\/uploads\/2026\/04\/660475827_1558416552952481_8787930262776719005_n.jpg\" \/>\n\t<meta property=\"og:image:width\" content=\"1080\" \/>\n\t<meta property=\"og:image:height\" content=\"1350\" \/>\n\t<meta property=\"og:image:type\" content=\"image\/jpeg\" \/>\n<meta name=\"author\" content=\"Hostel Pekarna\" \/>\n<meta name=\"twitter:card\" content=\"summary_large_image\" \/>\n<meta name=\"twitter:label1\" content=\"Written by\" \/>\n\t<meta name=\"twitter:data1\" content=\"Hostel Pekarna\" \/>\n\t<meta name=\"twitter:label2\" content=\"Est. reading time\" \/>\n\t<meta name=\"twitter:data2\" content=\"2 minuti\" \/>\n<script type=\"application\/ld+json\" class=\"yoast-schema-graph\">{\"@context\":\"https:\\\/\\\/schema.org\",\"@graph\":[{\"@type\":\"Article\",\"@id\":\"https:\\\/\\\/hostelpekarna.eu\\\/odpiralni-cas-hostla-pekarna-v-aprilu\\\/#article\",\"isPartOf\":{\"@id\":\"https:\\\/\\\/hostelpekarna.eu\\\/odpiralni-cas-hostla-pekarna-v-aprilu\\\/\"},\"author\":{\"name\":\"Hostel Pekarna\",\"@id\":\"https:\\\/\\\/hostelpekarna.eu\\\/#\\\/schema\\\/person\\\/e3f096bb4c775af350db60953d8fdbfc\"},\"headline\":\"Odpiralni \u010das Hostla Pekarna v aprilu\",\"datePublished\":\"2026-04-01T09:25:17+00:00\",\"dateModified\":\"2026-04-03T09:30:52+00:00\",\"mainEntityOfPage\":{\"@id\":\"https:\\\/\\\/hostelpekarna.eu\\\/odpiralni-cas-hostla-pekarna-v-aprilu\\\/\"},\"wordCount\":72,\"publisher\":{\"@id\":\"https:\\\/\\\/hostelpekarna.eu\\\/#organization\"},\"image\":{\"@id\":\"https:\\\/\\\/hostelpekarna.eu\\\/odpiralni-cas-hostla-pekarna-v-aprilu\\\/#primaryimage\"},\"thumbnailUrl\":\"https:\\\/\\\/hostelpekarna.eu\\\/wp-content\\\/uploads\\\/2026\\\/04\\\/660475827_1558416552952481_8787930262776719005_n.jpg\",\"articleSection\":[\"Obvestila\"],\"inLanguage\":\"sl-SI\"},{\"@type\":\"WebPage\",\"@id\":\"https:\\\/\\\/hostelpekarna.eu\\\/odpiralni-cas-hostla-pekarna-v-aprilu\\\/\",\"url\":\"https:\\\/\\\/hostelpekarna.eu\\\/odpiralni-cas-hostla-pekarna-v-aprilu\\\/\",\"name\":\"Odpiralni \u010das Hostla Pekarna v aprilu - Hostel Pekarna\",\"isPartOf\":{\"@id\":\"https:\\\/\\\/hostelpekarna.eu\\\/#website\"},\"primaryImageOfPage\":{\"@id\":\"https:\\\/\\\/hostelpekarna.eu\\\/odpiralni-cas-hostla-pekarna-v-aprilu\\\/#primaryimage\"},\"image\":{\"@id\":\"https:\\\/\\\/hostelpekarna.eu\\\/odpiralni-cas-hostla-pekarna-v-aprilu\\\/#primaryimage\"},\"thumbnailUrl\":\"https:\\\/\\\/hostelpekarna.eu\\\/wp-content\\\/uploads\\\/2026\\\/04\\\/660475827_1558416552952481_8787930262776719005_n.jpg\",\"datePublished\":\"2026-04-01T09:25:17+00:00\",\"dateModified\":\"2026-04-03T09:30:52+00:00\",\"description\":\"Odpiralni \u010das Hostla Pekarna ob ob praznikih in predprazni\u010dnih nedeljah nekoliko spremenjen.\",\"breadcrumb\":{\"@id\":\"https:\\\/\\\/hostelpekarna.eu\\\/odpiralni-cas-hostla-pekarna-v-aprilu\\\/#breadcrumb\"},\"inLanguage\":\"sl-SI\",\"potentialAction\":[{\"@type\":\"ReadAction\",\"target\":[\"https:\\\/\\\/hostelpekarna.eu\\\/odpiralni-cas-hostla-pekarna-v-aprilu\\\/\"]}]},{\"@type\":\"ImageObject\",\"inLanguage\":\"sl-SI\",\"@id\":\"https:\\\/\\\/hostelpekarna.eu\\\/odpiralni-cas-hostla-pekarna-v-aprilu\\\/#primaryimage\",\"url\":\"https:\\\/\\\/hostelpekarna.eu\\\/wp-content\\\/uploads\\\/2026\\\/04\\\/660475827_1558416552952481_8787930262776719005_n.jpg\",\"contentUrl\":\"https:\\\/\\\/hostelpekarna.eu\\\/wp-content\\\/uploads\\\/2026\\\/04\\\/660475827_1558416552952481_8787930262776719005_n.jpg\",\"width\":1080,\"height\":1350,\"caption\":\"odpiralni \u010das grafika\"},{\"@type\":\"BreadcrumbList\",\"@id\":\"https:\\\/\\\/hostelpekarna.eu\\\/odpiralni-cas-hostla-pekarna-v-aprilu\\\/#breadcrumb\",\"itemListElement\":[{\"@type\":\"ListItem\",\"position\":1,\"name\":\"Home\",\"item\":\"https:\\\/\\\/hostelpekarna.eu\\\/\"},{\"@type\":\"ListItem\",\"position\":2,\"name\":\"Odpiralni \u010das Hostla Pekarna v aprilu\"}]},{\"@type\":\"WebSite\",\"@id\":\"https:\\\/\\\/hostelpekarna.eu\\\/#website\",\"url\":\"https:\\\/\\\/hostelpekarna.eu\\\/\",\"name\":\"Hostel Pekarna\",\"description\":\"\",\"publisher\":{\"@id\":\"https:\\\/\\\/hostelpekarna.eu\\\/#organization\"},\"potentialAction\":[{\"@type\":\"SearchAction\",\"target\":{\"@type\":\"EntryPoint\",\"urlTemplate\":\"https:\\\/\\\/hostelpekarna.eu\\\/?s={search_term_string}\"},\"query-input\":{\"@type\":\"PropertyValueSpecification\",\"valueRequired\":true,\"valueName\":\"search_term_string\"}}],\"inLanguage\":\"sl-SI\"},{\"@type\":\"Organization\",\"@id\":\"https:\\\/\\\/hostelpekarna.eu\\\/#organization\",\"name\":\"Hostel Pekarna\",\"url\":\"https:\\\/\\\/hostelpekarna.eu\\\/\",\"logo\":{\"@type\":\"ImageObject\",\"inLanguage\":\"sl-SI\",\"@id\":\"https:\\\/\\\/hostelpekarna.eu\\\/#\\\/schema\\\/logo\\\/image\\\/\",\"url\":\"https:\\\/\\\/hostelpekarna.eu\\\/wp-content\\\/uploads\\\/2023\\\/07\\\/hostel_pekarna_maribor_slovenia_logo.png\",\"contentUrl\":\"https:\\\/\\\/hostelpekarna.eu\\\/wp-content\\\/uploads\\\/2023\\\/07\\\/hostel_pekarna_maribor_slovenia_logo.png\",\"width\":1644,\"height\":859,\"caption\":\"Hostel Pekarna\"},\"image\":{\"@id\":\"https:\\\/\\\/hostelpekarna.eu\\\/#\\\/schema\\\/logo\\\/image\\\/\"}},{\"@type\":\"Person\",\"@id\":\"https:\\\/\\\/hostelpekarna.eu\\\/#\\\/schema\\\/person\\\/e3f096bb4c775af350db60953d8fdbfc\",\"name\":\"Hostel Pekarna\",\"image\":{\"@type\":\"ImageObject\",\"inLanguage\":\"sl-SI\",\"@id\":\"https:\\\/\\\/secure.gravatar.com\\\/avatar\\\/74cbbf9e878881ad0075ad465ca70a5a53172eccf8c6bbc02cb9313ad791434e?s=96&d=mm&r=g\",\"url\":\"https:\\\/\\\/secure.gravatar.com\\\/avatar\\\/74cbbf9e878881ad0075ad465ca70a5a53172eccf8c6bbc02cb9313ad791434e?s=96&d=mm&r=g\",\"contentUrl\":\"https:\\\/\\\/secure.gravatar.com\\\/avatar\\\/74cbbf9e878881ad0075ad465ca70a5a53172eccf8c6bbc02cb9313ad791434e?s=96&d=mm&r=g\",\"caption\":\"Hostel Pekarna\"},\"url\":\"https:\\\/\\\/hostelpekarna.eu\\\/sl\\\/author\\\/ziva-mijatovicmkc-si\\\/\"}]}<\/script>\n<!-- \/ Yoast SEO plugin. -->","yoast_head_json":{"title":"Odpiralni \u010das Hostla Pekarna v aprilu - Hostel Pekarna","description":"Odpiralni \u010das Hostla Pekarna ob ob praznikih in predprazni\u010dnih nedeljah nekoliko spremenjen.","robots":{"index":"index","follow":"follow","max-snippet":"max-snippet:-1","max-image-preview":"max-image-preview:large","max-video-preview":"max-video-preview:-1"},"canonical":"https:\/\/hostelpekarna.eu\/sl\/odpiralni-cas-hostla-pekarna-v-aprilu\/","og_locale":"sl_SI","og_type":"article","og_title":"Odpiralni \u010das Hostla Pekarna v aprilu - Hostel Pekarna","og_description":"Odpiralni \u010das Hostla Pekarna ob ob praznikih in predprazni\u010dnih nedeljah nekoliko spremenjen.","og_url":"https:\/\/hostelpekarna.eu\/sl\/odpiralni-cas-hostla-pekarna-v-aprilu\/","og_site_name":"Hostel Pekarna","article_published_time":"2026-04-01T09:25:17+00:00","article_modified_time":"2026-04-03T09:30:52+00:00","og_image":[{"width":1080,"height":1350,"url":"https:\/\/hostelpekarna.eu\/wp-content\/uploads\/2026\/04\/660475827_1558416552952481_8787930262776719005_n.jpg","type":"image\/jpeg"}],"author":"Hostel Pekarna","twitter_card":"summary_large_image","twitter_misc":{"Written by":"Hostel Pekarna","Est. reading time":"2 minuti"},"schema":{"@context":"https:\/\/schema.org","@graph":[{"@type":"Article","@id":"https:\/\/hostelpekarna.eu\/odpiralni-cas-hostla-pekarna-v-aprilu\/#article","isPartOf":{"@id":"https:\/\/hostelpekarna.eu\/odpiralni-cas-hostla-pekarna-v-aprilu\/"},"author":{"name":"Hostel Pekarna","@id":"https:\/\/hostelpekarna.eu\/#\/schema\/person\/e3f096bb4c775af350db60953d8fdbfc"},"headline":"Odpiralni \u010das Hostla Pekarna v aprilu","datePublished":"2026-04-01T09:25:17+00:00","dateModified":"2026-04-03T09:30:52+00:00","mainEntityOfPage":{"@id":"https:\/\/hostelpekarna.eu\/odpiralni-cas-hostla-pekarna-v-aprilu\/"},"wordCount":72,"publisher":{"@id":"https:\/\/hostelpekarna.eu\/#organization"},"image":{"@id":"https:\/\/hostelpekarna.eu\/odpiralni-cas-hostla-pekarna-v-aprilu\/#primaryimage"},"thumbnailUrl":"https:\/\/hostelpekarna.eu\/wp-content\/uploads\/2026\/04\/660475827_1558416552952481_8787930262776719005_n.jpg","articleSection":["Obvestila"],"inLanguage":"sl-SI"},{"@type":"WebPage","@id":"https:\/\/hostelpekarna.eu\/odpiralni-cas-hostla-pekarna-v-aprilu\/","url":"https:\/\/hostelpekarna.eu\/odpiralni-cas-hostla-pekarna-v-aprilu\/","name":"Odpiralni \u010das Hostla Pekarna v aprilu - Hostel Pekarna","isPartOf":{"@id":"https:\/\/hostelpekarna.eu\/#website"},"primaryImageOfPage":{"@id":"https:\/\/hostelpekarna.eu\/odpiralni-cas-hostla-pekarna-v-aprilu\/#primaryimage"},"image":{"@id":"https:\/\/hostelpekarna.eu\/odpiralni-cas-hostla-pekarna-v-aprilu\/#primaryimage"},"thumbnailUrl":"https:\/\/hostelpekarna.eu\/wp-content\/uploads\/2026\/04\/660475827_1558416552952481_8787930262776719005_n.jpg","datePublished":"2026-04-01T09:25:17+00:00","dateModified":"2026-04-03T09:30:52+00:00","description":"Odpiralni \u010das Hostla Pekarna ob ob praznikih in predprazni\u010dnih nedeljah nekoliko spremenjen.","breadcrumb":{"@id":"https:\/\/hostelpekarna.eu\/odpiralni-cas-hostla-pekarna-v-aprilu\/#breadcrumb"},"inLanguage":"sl-SI","potentialAction":[{"@type":"ReadAction","target":["https:\/\/hostelpekarna.eu\/odpiralni-cas-hostla-pekarna-v-aprilu\/"]}]},{"@type":"ImageObject","inLanguage":"sl-SI","@id":"https:\/\/hostelpekarna.eu\/odpiralni-cas-hostla-pekarna-v-aprilu\/#primaryimage","url":"https:\/\/hostelpekarna.eu\/wp-content\/uploads\/2026\/04\/660475827_1558416552952481_8787930262776719005_n.jpg","contentUrl":"https:\/\/hostelpekarna.eu\/wp-content\/uploads\/2026\/04\/660475827_1558416552952481_8787930262776719005_n.jpg","width":1080,"height":1350,"caption":"odpiralni \u010das grafika"},{"@type":"BreadcrumbList","@id":"https:\/\/hostelpekarna.eu\/odpiralni-cas-hostla-pekarna-v-aprilu\/#breadcrumb","itemListElement":[{"@type":"ListItem","position":1,"name":"Home","item":"https:\/\/hostelpekarna.eu\/"},{"@type":"ListItem","position":2,"name":"Odpiralni \u010das Hostla Pekarna v aprilu"}]},{"@type":"WebSite","@id":"https:\/\/hostelpekarna.eu\/#website","url":"https:\/\/hostelpekarna.eu\/","name":"Hostel Pekarna","description":"","publisher":{"@id":"https:\/\/hostelpekarna.eu\/#organization"},"potentialAction":[{"@type":"SearchAction","target":{"@type":"EntryPoint","urlTemplate":"https:\/\/hostelpekarna.eu\/?s={search_term_string}"},"query-input":{"@type":"PropertyValueSpecification","valueRequired":true,"valueName":"search_term_string"}}],"inLanguage":"sl-SI"},{"@type":"Organization","@id":"https:\/\/hostelpekarna.eu\/#organization","name":"Hostel Pekarna","url":"https:\/\/hostelpekarna.eu\/","logo":{"@type":"ImageObject","inLanguage":"sl-SI","@id":"https:\/\/hostelpekarna.eu\/#\/schema\/logo\/image\/","url":"https:\/\/hostelpekarna.eu\/wp-content\/uploads\/2023\/07\/hostel_pekarna_maribor_slovenia_logo.png","contentUrl":"https:\/\/hostelpekarna.eu\/wp-content\/uploads\/2023\/07\/hostel_pekarna_maribor_slovenia_logo.png","width":1644,"height":859,"caption":"Hostel Pekarna"},"image":{"@id":"https:\/\/hostelpekarna.eu\/#\/schema\/logo\/image\/"}},{"@type":"Person","@id":"https:\/\/hostelpekarna.eu\/#\/schema\/person\/e3f096bb4c775af350db60953d8fdbfc","name":"Hostel Pekarna","image":{"@type":"ImageObject","inLanguage":"sl-SI","@id":"https:\/\/secure.gravatar.com\/avatar\/74cbbf9e878881ad0075ad465ca70a5a53172eccf8c6bbc02cb9313ad791434e?s=96&d=mm&r=g","url":"https:\/\/secure.gravatar.com\/avatar\/74cbbf9e878881ad0075ad465ca70a5a53172eccf8c6bbc02cb9313ad791434e?s=96&d=mm&r=g","contentUrl":"https:\/\/secure.gravatar.com\/avatar\/74cbbf9e878881ad0075ad465ca70a5a53172eccf8c6bbc02cb9313ad791434e?s=96&d=mm&r=g","caption":"Hostel Pekarna"},"url":"https:\/\/hostelpekarna.eu\/sl\/author\/ziva-mijatovicmkc-si\/"}]}},"_links":{"self":[{"href":"https:\/\/hostelpekarna.eu\/sl\/wp-json\/wp\/v2\/posts\/2580","targetHints":{"allow":["GET"]}}],"collection":[{"href":"https:\/\/hostelpekarna.eu\/sl\/wp-json\/wp\/v2\/posts"}],"about":[{"href":"https:\/\/hostelpekarna.eu\/sl\/wp-json\/wp\/v2\/types\/post"}],"author":[{"embeddable":true,"href":"https:\/\/hostelpekarna.eu\/sl\/wp-json\/wp\/v2\/users\/4"}],"replies":[{"embeddable":true,"href":"https:\/\/hostelpekarna.eu\/sl\/wp-json\/wp\/v2\/comments?post=2580"}],"version-history":[{"count":1,"href":"https:\/\/hostelpekarna.eu\/sl\/wp-json\/wp\/v2\/posts\/2580\/revisions"}],"predecessor-version":[{"id":2583,"href":"https:\/\/hostelpekarna.eu\/sl\/wp-json\/wp\/v2\/posts\/2580\/revisions\/2583"}],"wp:featuredmedia":[{"embeddable":true,"href":"https:\/\/hostelpekarna.eu\/sl\/wp-json\/wp\/v2\/media\/2582"}],"wp:attachment":[{"href":"https:\/\/hostelpekarna.eu\/sl\/wp-json\/wp\/v2\/media?parent=2580"}],"wp:term":[{"taxonomy":"category","embeddable":true,"href":"https:\/\/hostelpekarna.eu\/sl\/wp-json\/wp\/v2\/categories?post=2580"},{"taxonomy":"post_tag","embeddable":true,"href":"https:\/\/hostelpekarna.eu\/sl\/wp-json\/wp\/v2\/tags?post=2580"}],"curies":[{"name":"wp","href":"https:\/\/api.w.org\/{rel}","templated":true}]}}