{"id":2573,"date":"2026-04-07T09:16:00","date_gmt":"2026-04-07T08:16:00","guid":{"rendered":"https:\/\/hostelpekarna.eu\/?p=2573"},"modified":"2026-04-03T10:24:44","modified_gmt":"2026-04-03T09:24:44","slug":"cvetoca-pomlad-v-hostlu-pekarna","status":"publish","type":"post","link":"https:\/\/hostelpekarna.eu\/sl\/cvetoca-pomlad-v-hostlu-pekarna\/","title":{"rendered":"Cveto\u010da pomlad v Hostlu Pekarna"},"content":{"rendered":"\n<p><strong>V Hostlu Pekarna smo ob za\u010detku pomladi v duhu zelenega turizma skupaj zavihali rokave in v sodelovanju s projektom Zeleni korak za kulturo (ZkzK), ki ga MKC Maribor izvaja skupaj z Ekologi brez meja in ENERGAP-om, presadili ter na novo zasadili ro\u017ee, di\u0161avnice in zeli\u0161\u010da. S tem smo \u0161e dodatno polep\u0161ali na\u0161 skupni prostor in okrepili zavezo k trajnostnemu razvoju.<\/strong><\/p>\n\n\n\n<p>Kot zelena nastanitev z znakom Slovenia Green se vsakodnevno trudimo zmanj\u0161evati svoj vpliv na okolje. To po\u010dnemo z lo\u010devanjem odpadkov, var\u010devanjem z energijo in vodo, uporabo lokalnih in trajnostnih materialov ter spodbujanjem gostov k odgovornemu ravnanju. Na\u0161 vrt ni le estetski dodatek, ampak tudi prostor u\u010denja, povezovanja in spo\u0161tovanja narave.<\/p>\n\n\n\n<p>V Hostlu Pekarna v okviru iniciative \u00bbNajem rastlinskega prijatelja\u00ab gostom omogo\u010damo, da si za \u010das bivanja brezpla\u010dno izposodijo izbrano rastlino. Namen pobude je spodbujati vi\u0161jo kakovost bivanja preko ozelenjevanja prostorov. \u0160tudije namre\u010d ka\u017eejo, da sobne rastline izbolj\u0161ujejo zbranost, zmanj\u0161ujejo depresivno razpolo\u017eenje in simptome tesnobe, nekatere pa tudi \u010distijo zrak.<\/p>\n\n\n\n<p>Projekt Zeleni korak za kulturo (ZkzK). Projekt izvaja MKC Maribor v sodelovanju z Ekologi brez meja in agencijo ENERGAP. Sofinancira ga Ministrstvo za kulturo iz Sklada za podnebne spremembe. Njegov namen je \u0161iriti zavest o pomembni vlogi kulturnih institucij pri zmanj\u0161evanju oglji\u010dnega odtisa ter spodbujati zgled drugim sektorjem.<\/p>\n\n\n\n<p>Rezultati projekta, kot sta Orodje za izra\u010dun oglji\u010dnega odtisa in e-priro\u010dnik Model trajnostnega upravljanja javnih zavodov, bodo brezpla\u010dno dostopni tudi po zaklju\u010dku projekta. Ve\u010d: <a href=\"https:\/\/mkc.si\/zeleni-korak-za-kulturo\">https:\/\/mkc.si\/zeleni-korak-za-kulturo<\/a><\/p>\n\n\n\n<figure class=\"wp-block-gallery has-nested-images columns-5 is-cropped wp-block-gallery-1 is-layout-flex wp-block-gallery-is-layout-flex\">\n<figure class=\"wp-block-image size-large\"><img fetchpriority=\"high\" decoding=\"async\" width=\"768\" height=\"1024\" data-id=\"2575\" src=\"https:\/\/hostelpekarna.eu\/wp-content\/uploads\/2026\/04\/654612269_2105987990185592_2274618871194880324_n-768x1024.jpg\" alt=\"\" class=\"wp-image-2575\" srcset=\"https:\/\/hostelpekarna.eu\/wp-content\/uploads\/2026\/04\/654612269_2105987990185592_2274618871194880324_n-768x1024.jpg 768w, https:\/\/hostelpekarna.eu\/wp-content\/uploads\/2026\/04\/654612269_2105987990185592_2274618871194880324_n-225x300.jpg 225w, https:\/\/hostelpekarna.eu\/wp-content\/uploads\/2026\/04\/654612269_2105987990185592_2274618871194880324_n-1152x1536.jpg 1152w, https:\/\/hostelpekarna.eu\/wp-content\/uploads\/2026\/04\/654612269_2105987990185592_2274618871194880324_n-9x12.jpg 9w, https:\/\/hostelpekarna.eu\/wp-content\/uploads\/2026\/04\/654612269_2105987990185592_2274618871194880324_n.jpg 1536w\" sizes=\"(max-width: 768px) 100vw, 768px\" \/><\/figure>\n\n\n\n<figure class=\"wp-block-image size-large\"><img decoding=\"async\" width=\"768\" height=\"1024\" data-id=\"2574\" src=\"https:\/\/hostelpekarna.eu\/wp-content\/uploads\/2026\/04\/655798871_1995361668071111_713325564871796962_n-768x1024.jpg\" alt=\"\" class=\"wp-image-2574\" srcset=\"https:\/\/hostelpekarna.eu\/wp-content\/uploads\/2026\/04\/655798871_1995361668071111_713325564871796962_n-768x1024.jpg 768w, https:\/\/hostelpekarna.eu\/wp-content\/uploads\/2026\/04\/655798871_1995361668071111_713325564871796962_n-225x300.jpg 225w, https:\/\/hostelpekarna.eu\/wp-content\/uploads\/2026\/04\/655798871_1995361668071111_713325564871796962_n-1152x1536.jpg 1152w, https:\/\/hostelpekarna.eu\/wp-content\/uploads\/2026\/04\/655798871_1995361668071111_713325564871796962_n-9x12.jpg 9w, https:\/\/hostelpekarna.eu\/wp-content\/uploads\/2026\/04\/655798871_1995361668071111_713325564871796962_n.jpg 1536w\" sizes=\"(max-width: 768px) 100vw, 768px\" \/><\/figure>\n\n\n\n<figure class=\"wp-block-image size-large\"><img decoding=\"async\" width=\"768\" height=\"1024\" data-id=\"2578\" src=\"https:\/\/hostelpekarna.eu\/wp-content\/uploads\/2026\/04\/656050634_803590272297003_5550593272752119552_n-768x1024.jpg\" alt=\"\" class=\"wp-image-2578\" srcset=\"https:\/\/hostelpekarna.eu\/wp-content\/uploads\/2026\/04\/656050634_803590272297003_5550593272752119552_n-768x1024.jpg 768w, https:\/\/hostelpekarna.eu\/wp-content\/uploads\/2026\/04\/656050634_803590272297003_5550593272752119552_n-225x300.jpg 225w, https:\/\/hostelpekarna.eu\/wp-content\/uploads\/2026\/04\/656050634_803590272297003_5550593272752119552_n-1152x1536.jpg 1152w, https:\/\/hostelpekarna.eu\/wp-content\/uploads\/2026\/04\/656050634_803590272297003_5550593272752119552_n-9x12.jpg 9w, https:\/\/hostelpekarna.eu\/wp-content\/uploads\/2026\/04\/656050634_803590272297003_5550593272752119552_n.jpg 1536w\" sizes=\"(max-width: 768px) 100vw, 768px\" \/><\/figure>\n\n\n\n<figure class=\"wp-block-image size-large\"><img loading=\"lazy\" decoding=\"async\" width=\"768\" height=\"1024\" data-id=\"2577\" src=\"https:\/\/hostelpekarna.eu\/wp-content\/uploads\/2026\/04\/656204499_1465268708717451_9158174523278848374_n-768x1024.jpg\" alt=\"\" class=\"wp-image-2577\" srcset=\"https:\/\/hostelpekarna.eu\/wp-content\/uploads\/2026\/04\/656204499_1465268708717451_9158174523278848374_n-768x1024.jpg 768w, https:\/\/hostelpekarna.eu\/wp-content\/uploads\/2026\/04\/656204499_1465268708717451_9158174523278848374_n-225x300.jpg 225w, https:\/\/hostelpekarna.eu\/wp-content\/uploads\/2026\/04\/656204499_1465268708717451_9158174523278848374_n-1152x1536.jpg 1152w, https:\/\/hostelpekarna.eu\/wp-content\/uploads\/2026\/04\/656204499_1465268708717451_9158174523278848374_n-9x12.jpg 9w, https:\/\/hostelpekarna.eu\/wp-content\/uploads\/2026\/04\/656204499_1465268708717451_9158174523278848374_n.jpg 1536w\" sizes=\"(max-width: 768px) 100vw, 768px\" \/><\/figure>\n\n\n\n<figure class=\"wp-block-image size-large\"><img loading=\"lazy\" decoding=\"async\" width=\"768\" height=\"1024\" data-id=\"2576\" src=\"https:\/\/hostelpekarna.eu\/wp-content\/uploads\/2026\/04\/656934193_4411458632468931_5831224919049593706_n-768x1024.jpg\" alt=\"\" class=\"wp-image-2576\" srcset=\"https:\/\/hostelpekarna.eu\/wp-content\/uploads\/2026\/04\/656934193_4411458632468931_5831224919049593706_n-768x1024.jpg 768w, https:\/\/hostelpekarna.eu\/wp-content\/uploads\/2026\/04\/656934193_4411458632468931_5831224919049593706_n-225x300.jpg 225w, https:\/\/hostelpekarna.eu\/wp-content\/uploads\/2026\/04\/656934193_4411458632468931_5831224919049593706_n-1152x1536.jpg 1152w, https:\/\/hostelpekarna.eu\/wp-content\/uploads\/2026\/04\/656934193_4411458632468931_5831224919049593706_n-9x12.jpg 9w, https:\/\/hostelpekarna.eu\/wp-content\/uploads\/2026\/04\/656934193_4411458632468931_5831224919049593706_n.jpg 1536w\" sizes=\"(max-width: 768px) 100vw, 768px\" \/><\/figure>\n<\/figure>\n","protected":false},"excerpt":{"rendered":"<p>V Hostlu Pekarna smo ob za\u010detku pomladi v duhu zelenega turizma skupaj zavihali rokave in v sodelovanju s projektom Zeleni korak za kulturo (ZkzK), ki ga MKC Maribor izvaja skupaj z Ekologi brez meja in ENERGAP-om, presadili ter na novo zasadili ro\u017ee, di\u0161avnice in zeli\u0161\u010da. S tem smo \u0161e dodatno polep\u0161ali na\u0161 skupni prostor in [&hellip;]<\/p>\n","protected":false},"author":4,"featured_media":2574,"comment_status":"closed","ping_status":"closed","sticky":false,"template":"","format":"standard","meta":{"footnotes":""},"categories":[6],"tags":[],"class_list":["post-2573","post","type-post","status-publish","format-standard","has-post-thumbnail","hentry","category-novice"],"yoast_head":"<!-- This site is optimized with the Yoast SEO plugin v27.5 - https:\/\/yoast.com\/product\/yoast-seo-wordpress\/ -->\n<title>Cveto\u010da pomlad v Hostlu Pekarna - Hostel Pekarna<\/title>\n<meta name=\"description\" content=\"V Hostlu Pekarna smo ob za\u010detku pomladi v duhu zelenega turizma skupaj zavihali rokave in v sodelovanju s projektom Zeleni korak za kulturo (ZkzK) presadili ter na novo zasadili ro\u017ee, di\u0161avnice in zeli\u0161\u010da.\" \/>\n<meta name=\"robots\" content=\"index, follow, max-snippet:-1, max-image-preview:large, max-video-preview:-1\" \/>\n<link rel=\"canonical\" href=\"https:\/\/hostelpekarna.eu\/sl\/cvetoca-pomlad-v-hostlu-pekarna\/\" \/>\n<meta property=\"og:locale\" content=\"sl_SI\" \/>\n<meta property=\"og:type\" content=\"article\" \/>\n<meta property=\"og:title\" content=\"Cveto\u010da pomlad v Hostlu Pekarna - Hostel Pekarna\" \/>\n<meta property=\"og:description\" content=\"V Hostlu Pekarna smo ob za\u010detku pomladi v duhu zelenega turizma skupaj zavihali rokave in v sodelovanju s projektom Zeleni korak za kulturo (ZkzK) presadili ter na novo zasadili ro\u017ee, di\u0161avnice in zeli\u0161\u010da.\" \/>\n<meta property=\"og:url\" content=\"https:\/\/hostelpekarna.eu\/sl\/cvetoca-pomlad-v-hostlu-pekarna\/\" \/>\n<meta property=\"og:site_name\" content=\"Hostel Pekarna\" \/>\n<meta property=\"article:published_time\" content=\"2026-04-07T08:16:00+00:00\" \/>\n<meta property=\"og:image\" content=\"https:\/\/hostelpekarna.eu\/wp-content\/uploads\/2026\/04\/655798871_1995361668071111_713325564871796962_n.jpg\" \/>\n\t<meta property=\"og:image:width\" content=\"1536\" \/>\n\t<meta property=\"og:image:height\" content=\"2048\" \/>\n\t<meta property=\"og:image:type\" content=\"image\/jpeg\" \/>\n<meta name=\"author\" content=\"Hostel Pekarna\" \/>\n<meta name=\"twitter:card\" content=\"summary_large_image\" \/>\n<meta name=\"twitter:label1\" content=\"Written by\" \/>\n\t<meta name=\"twitter:data1\" content=\"Hostel Pekarna\" \/>\n\t<meta name=\"twitter:label2\" content=\"Est. reading time\" \/>\n\t<meta name=\"twitter:data2\" content=\"3 minute\" \/>\n<script type=\"application\/ld+json\" class=\"yoast-schema-graph\">{\"@context\":\"https:\\\/\\\/schema.org\",\"@graph\":[{\"@type\":\"Article\",\"@id\":\"https:\\\/\\\/hostelpekarna.eu\\\/cvetoca-pomlad-v-hostlu-pekarna\\\/#article\",\"isPartOf\":{\"@id\":\"https:\\\/\\\/hostelpekarna.eu\\\/cvetoca-pomlad-v-hostlu-pekarna\\\/\"},\"author\":{\"name\":\"Hostel Pekarna\",\"@id\":\"https:\\\/\\\/hostelpekarna.eu\\\/#\\\/schema\\\/person\\\/e3f096bb4c775af350db60953d8fdbfc\"},\"headline\":\"Cveto\u010da pomlad v Hostlu Pekarna\",\"datePublished\":\"2026-04-07T08:16:00+00:00\",\"mainEntityOfPage\":{\"@id\":\"https:\\\/\\\/hostelpekarna.eu\\\/cvetoca-pomlad-v-hostlu-pekarna\\\/\"},\"wordCount\":266,\"publisher\":{\"@id\":\"https:\\\/\\\/hostelpekarna.eu\\\/#organization\"},\"image\":{\"@id\":\"https:\\\/\\\/hostelpekarna.eu\\\/cvetoca-pomlad-v-hostlu-pekarna\\\/#primaryimage\"},\"thumbnailUrl\":\"https:\\\/\\\/hostelpekarna.eu\\\/wp-content\\\/uploads\\\/2026\\\/04\\\/655798871_1995361668071111_713325564871796962_n.jpg\",\"articleSection\":[\"Novice\"],\"inLanguage\":\"sl-SI\"},{\"@type\":\"WebPage\",\"@id\":\"https:\\\/\\\/hostelpekarna.eu\\\/cvetoca-pomlad-v-hostlu-pekarna\\\/\",\"url\":\"https:\\\/\\\/hostelpekarna.eu\\\/cvetoca-pomlad-v-hostlu-pekarna\\\/\",\"name\":\"Cveto\u010da pomlad v Hostlu Pekarna - Hostel Pekarna\",\"isPartOf\":{\"@id\":\"https:\\\/\\\/hostelpekarna.eu\\\/#website\"},\"primaryImageOfPage\":{\"@id\":\"https:\\\/\\\/hostelpekarna.eu\\\/cvetoca-pomlad-v-hostlu-pekarna\\\/#primaryimage\"},\"image\":{\"@id\":\"https:\\\/\\\/hostelpekarna.eu\\\/cvetoca-pomlad-v-hostlu-pekarna\\\/#primaryimage\"},\"thumbnailUrl\":\"https:\\\/\\\/hostelpekarna.eu\\\/wp-content\\\/uploads\\\/2026\\\/04\\\/655798871_1995361668071111_713325564871796962_n.jpg\",\"datePublished\":\"2026-04-07T08:16:00+00:00\",\"description\":\"V Hostlu Pekarna smo ob za\u010detku pomladi v duhu zelenega turizma skupaj zavihali rokave in v sodelovanju s projektom Zeleni korak za kulturo (ZkzK) presadili ter na novo zasadili ro\u017ee, di\u0161avnice in zeli\u0161\u010da.\",\"breadcrumb\":{\"@id\":\"https:\\\/\\\/hostelpekarna.eu\\\/cvetoca-pomlad-v-hostlu-pekarna\\\/#breadcrumb\"},\"inLanguage\":\"sl-SI\",\"potentialAction\":[{\"@type\":\"ReadAction\",\"target\":[\"https:\\\/\\\/hostelpekarna.eu\\\/cvetoca-pomlad-v-hostlu-pekarna\\\/\"]}]},{\"@type\":\"ImageObject\",\"inLanguage\":\"sl-SI\",\"@id\":\"https:\\\/\\\/hostelpekarna.eu\\\/cvetoca-pomlad-v-hostlu-pekarna\\\/#primaryimage\",\"url\":\"https:\\\/\\\/hostelpekarna.eu\\\/wp-content\\\/uploads\\\/2026\\\/04\\\/655798871_1995361668071111_713325564871796962_n.jpg\",\"contentUrl\":\"https:\\\/\\\/hostelpekarna.eu\\\/wp-content\\\/uploads\\\/2026\\\/04\\\/655798871_1995361668071111_713325564871796962_n.jpg\",\"width\":1536,\"height\":2048,\"caption\":\"adrijana in eva sadita rozice\"},{\"@type\":\"BreadcrumbList\",\"@id\":\"https:\\\/\\\/hostelpekarna.eu\\\/cvetoca-pomlad-v-hostlu-pekarna\\\/#breadcrumb\",\"itemListElement\":[{\"@type\":\"ListItem\",\"position\":1,\"name\":\"Home\",\"item\":\"https:\\\/\\\/hostelpekarna.eu\\\/\"},{\"@type\":\"ListItem\",\"position\":2,\"name\":\"Cveto\u010da pomlad v Hostlu Pekarna\"}]},{\"@type\":\"WebSite\",\"@id\":\"https:\\\/\\\/hostelpekarna.eu\\\/#website\",\"url\":\"https:\\\/\\\/hostelpekarna.eu\\\/\",\"name\":\"Hostel Pekarna\",\"description\":\"\",\"publisher\":{\"@id\":\"https:\\\/\\\/hostelpekarna.eu\\\/#organization\"},\"potentialAction\":[{\"@type\":\"SearchAction\",\"target\":{\"@type\":\"EntryPoint\",\"urlTemplate\":\"https:\\\/\\\/hostelpekarna.eu\\\/?s={search_term_string}\"},\"query-input\":{\"@type\":\"PropertyValueSpecification\",\"valueRequired\":true,\"valueName\":\"search_term_string\"}}],\"inLanguage\":\"sl-SI\"},{\"@type\":\"Organization\",\"@id\":\"https:\\\/\\\/hostelpekarna.eu\\\/#organization\",\"name\":\"Hostel Pekarna\",\"url\":\"https:\\\/\\\/hostelpekarna.eu\\\/\",\"logo\":{\"@type\":\"ImageObject\",\"inLanguage\":\"sl-SI\",\"@id\":\"https:\\\/\\\/hostelpekarna.eu\\\/#\\\/schema\\\/logo\\\/image\\\/\",\"url\":\"https:\\\/\\\/hostelpekarna.eu\\\/wp-content\\\/uploads\\\/2023\\\/07\\\/hostel_pekarna_maribor_slovenia_logo.png\",\"contentUrl\":\"https:\\\/\\\/hostelpekarna.eu\\\/wp-content\\\/uploads\\\/2023\\\/07\\\/hostel_pekarna_maribor_slovenia_logo.png\",\"width\":1644,\"height\":859,\"caption\":\"Hostel Pekarna\"},\"image\":{\"@id\":\"https:\\\/\\\/hostelpekarna.eu\\\/#\\\/schema\\\/logo\\\/image\\\/\"}},{\"@type\":\"Person\",\"@id\":\"https:\\\/\\\/hostelpekarna.eu\\\/#\\\/schema\\\/person\\\/e3f096bb4c775af350db60953d8fdbfc\",\"name\":\"Hostel Pekarna\",\"image\":{\"@type\":\"ImageObject\",\"inLanguage\":\"sl-SI\",\"@id\":\"https:\\\/\\\/secure.gravatar.com\\\/avatar\\\/74cbbf9e878881ad0075ad465ca70a5a53172eccf8c6bbc02cb9313ad791434e?s=96&d=mm&r=g\",\"url\":\"https:\\\/\\\/secure.gravatar.com\\\/avatar\\\/74cbbf9e878881ad0075ad465ca70a5a53172eccf8c6bbc02cb9313ad791434e?s=96&d=mm&r=g\",\"contentUrl\":\"https:\\\/\\\/secure.gravatar.com\\\/avatar\\\/74cbbf9e878881ad0075ad465ca70a5a53172eccf8c6bbc02cb9313ad791434e?s=96&d=mm&r=g\",\"caption\":\"Hostel Pekarna\"},\"url\":\"https:\\\/\\\/hostelpekarna.eu\\\/sl\\\/author\\\/ziva-mijatovicmkc-si\\\/\"}]}<\/script>\n<!-- \/ Yoast SEO plugin. -->","yoast_head_json":{"title":"Cveto\u010da pomlad v Hostlu Pekarna - Hostel Pekarna","description":"V Hostlu Pekarna smo ob za\u010detku pomladi v duhu zelenega turizma skupaj zavihali rokave in v sodelovanju s projektom Zeleni korak za kulturo (ZkzK) presadili ter na novo zasadili ro\u017ee, di\u0161avnice in zeli\u0161\u010da.","robots":{"index":"index","follow":"follow","max-snippet":"max-snippet:-1","max-image-preview":"max-image-preview:large","max-video-preview":"max-video-preview:-1"},"canonical":"https:\/\/hostelpekarna.eu\/sl\/cvetoca-pomlad-v-hostlu-pekarna\/","og_locale":"sl_SI","og_type":"article","og_title":"Cveto\u010da pomlad v Hostlu Pekarna - Hostel Pekarna","og_description":"V Hostlu Pekarna smo ob za\u010detku pomladi v duhu zelenega turizma skupaj zavihali rokave in v sodelovanju s projektom Zeleni korak za kulturo (ZkzK) presadili ter na novo zasadili ro\u017ee, di\u0161avnice in zeli\u0161\u010da.","og_url":"https:\/\/hostelpekarna.eu\/sl\/cvetoca-pomlad-v-hostlu-pekarna\/","og_site_name":"Hostel Pekarna","article_published_time":"2026-04-07T08:16:00+00:00","og_image":[{"width":1536,"height":2048,"url":"https:\/\/hostelpekarna.eu\/wp-content\/uploads\/2026\/04\/655798871_1995361668071111_713325564871796962_n.jpg","type":"image\/jpeg"}],"author":"Hostel Pekarna","twitter_card":"summary_large_image","twitter_misc":{"Written by":"Hostel Pekarna","Est. reading time":"3 minute"},"schema":{"@context":"https:\/\/schema.org","@graph":[{"@type":"Article","@id":"https:\/\/hostelpekarna.eu\/cvetoca-pomlad-v-hostlu-pekarna\/#article","isPartOf":{"@id":"https:\/\/hostelpekarna.eu\/cvetoca-pomlad-v-hostlu-pekarna\/"},"author":{"name":"Hostel Pekarna","@id":"https:\/\/hostelpekarna.eu\/#\/schema\/person\/e3f096bb4c775af350db60953d8fdbfc"},"headline":"Cveto\u010da pomlad v Hostlu Pekarna","datePublished":"2026-04-07T08:16:00+00:00","mainEntityOfPage":{"@id":"https:\/\/hostelpekarna.eu\/cvetoca-pomlad-v-hostlu-pekarna\/"},"wordCount":266,"publisher":{"@id":"https:\/\/hostelpekarna.eu\/#organization"},"image":{"@id":"https:\/\/hostelpekarna.eu\/cvetoca-pomlad-v-hostlu-pekarna\/#primaryimage"},"thumbnailUrl":"https:\/\/hostelpekarna.eu\/wp-content\/uploads\/2026\/04\/655798871_1995361668071111_713325564871796962_n.jpg","articleSection":["Novice"],"inLanguage":"sl-SI"},{"@type":"WebPage","@id":"https:\/\/hostelpekarna.eu\/cvetoca-pomlad-v-hostlu-pekarna\/","url":"https:\/\/hostelpekarna.eu\/cvetoca-pomlad-v-hostlu-pekarna\/","name":"Cveto\u010da pomlad v Hostlu Pekarna - Hostel Pekarna","isPartOf":{"@id":"https:\/\/hostelpekarna.eu\/#website"},"primaryImageOfPage":{"@id":"https:\/\/hostelpekarna.eu\/cvetoca-pomlad-v-hostlu-pekarna\/#primaryimage"},"image":{"@id":"https:\/\/hostelpekarna.eu\/cvetoca-pomlad-v-hostlu-pekarna\/#primaryimage"},"thumbnailUrl":"https:\/\/hostelpekarna.eu\/wp-content\/uploads\/2026\/04\/655798871_1995361668071111_713325564871796962_n.jpg","datePublished":"2026-04-07T08:16:00+00:00","description":"V Hostlu Pekarna smo ob za\u010detku pomladi v duhu zelenega turizma skupaj zavihali rokave in v sodelovanju s projektom Zeleni korak za kulturo (ZkzK) presadili ter na novo zasadili ro\u017ee, di\u0161avnice in zeli\u0161\u010da.","breadcrumb":{"@id":"https:\/\/hostelpekarna.eu\/cvetoca-pomlad-v-hostlu-pekarna\/#breadcrumb"},"inLanguage":"sl-SI","potentialAction":[{"@type":"ReadAction","target":["https:\/\/hostelpekarna.eu\/cvetoca-pomlad-v-hostlu-pekarna\/"]}]},{"@type":"ImageObject","inLanguage":"sl-SI","@id":"https:\/\/hostelpekarna.eu\/cvetoca-pomlad-v-hostlu-pekarna\/#primaryimage","url":"https:\/\/hostelpekarna.eu\/wp-content\/uploads\/2026\/04\/655798871_1995361668071111_713325564871796962_n.jpg","contentUrl":"https:\/\/hostelpekarna.eu\/wp-content\/uploads\/2026\/04\/655798871_1995361668071111_713325564871796962_n.jpg","width":1536,"height":2048,"caption":"adrijana in eva sadita rozice"},{"@type":"BreadcrumbList","@id":"https:\/\/hostelpekarna.eu\/cvetoca-pomlad-v-hostlu-pekarna\/#breadcrumb","itemListElement":[{"@type":"ListItem","position":1,"name":"Home","item":"https:\/\/hostelpekarna.eu\/"},{"@type":"ListItem","position":2,"name":"Cveto\u010da pomlad v Hostlu Pekarna"}]},{"@type":"WebSite","@id":"https:\/\/hostelpekarna.eu\/#website","url":"https:\/\/hostelpekarna.eu\/","name":"Hostel Pekarna","description":"","publisher":{"@id":"https:\/\/hostelpekarna.eu\/#organization"},"potentialAction":[{"@type":"SearchAction","target":{"@type":"EntryPoint","urlTemplate":"https:\/\/hostelpekarna.eu\/?s={search_term_string}"},"query-input":{"@type":"PropertyValueSpecification","valueRequired":true,"valueName":"search_term_string"}}],"inLanguage":"sl-SI"},{"@type":"Organization","@id":"https:\/\/hostelpekarna.eu\/#organization","name":"Hostel Pekarna","url":"https:\/\/hostelpekarna.eu\/","logo":{"@type":"ImageObject","inLanguage":"sl-SI","@id":"https:\/\/hostelpekarna.eu\/#\/schema\/logo\/image\/","url":"https:\/\/hostelpekarna.eu\/wp-content\/uploads\/2023\/07\/hostel_pekarna_maribor_slovenia_logo.png","contentUrl":"https:\/\/hostelpekarna.eu\/wp-content\/uploads\/2023\/07\/hostel_pekarna_maribor_slovenia_logo.png","width":1644,"height":859,"caption":"Hostel Pekarna"},"image":{"@id":"https:\/\/hostelpekarna.eu\/#\/schema\/logo\/image\/"}},{"@type":"Person","@id":"https:\/\/hostelpekarna.eu\/#\/schema\/person\/e3f096bb4c775af350db60953d8fdbfc","name":"Hostel Pekarna","image":{"@type":"ImageObject","inLanguage":"sl-SI","@id":"https:\/\/secure.gravatar.com\/avatar\/74cbbf9e878881ad0075ad465ca70a5a53172eccf8c6bbc02cb9313ad791434e?s=96&d=mm&r=g","url":"https:\/\/secure.gravatar.com\/avatar\/74cbbf9e878881ad0075ad465ca70a5a53172eccf8c6bbc02cb9313ad791434e?s=96&d=mm&r=g","contentUrl":"https:\/\/secure.gravatar.com\/avatar\/74cbbf9e878881ad0075ad465ca70a5a53172eccf8c6bbc02cb9313ad791434e?s=96&d=mm&r=g","caption":"Hostel Pekarna"},"url":"https:\/\/hostelpekarna.eu\/sl\/author\/ziva-mijatovicmkc-si\/"}]}},"_links":{"self":[{"href":"https:\/\/hostelpekarna.eu\/sl\/wp-json\/wp\/v2\/posts\/2573","targetHints":{"allow":["GET"]}}],"collection":[{"href":"https:\/\/hostelpekarna.eu\/sl\/wp-json\/wp\/v2\/posts"}],"about":[{"href":"https:\/\/hostelpekarna.eu\/sl\/wp-json\/wp\/v2\/types\/post"}],"author":[{"embeddable":true,"href":"https:\/\/hostelpekarna.eu\/sl\/wp-json\/wp\/v2\/users\/4"}],"replies":[{"embeddable":true,"href":"https:\/\/hostelpekarna.eu\/sl\/wp-json\/wp\/v2\/comments?post=2573"}],"version-history":[{"count":1,"href":"https:\/\/hostelpekarna.eu\/sl\/wp-json\/wp\/v2\/posts\/2573\/revisions"}],"predecessor-version":[{"id":2579,"href":"https:\/\/hostelpekarna.eu\/sl\/wp-json\/wp\/v2\/posts\/2573\/revisions\/2579"}],"wp:featuredmedia":[{"embeddable":true,"href":"https:\/\/hostelpekarna.eu\/sl\/wp-json\/wp\/v2\/media\/2574"}],"wp:attachment":[{"href":"https:\/\/hostelpekarna.eu\/sl\/wp-json\/wp\/v2\/media?parent=2573"}],"wp:term":[{"taxonomy":"category","embeddable":true,"href":"https:\/\/hostelpekarna.eu\/sl\/wp-json\/wp\/v2\/categories?post=2573"},{"taxonomy":"post_tag","embeddable":true,"href":"https:\/\/hostelpekarna.eu\/sl\/wp-json\/wp\/v2\/tags?post=2573"}],"curies":[{"name":"wp","href":"https:\/\/api.w.org\/{rel}","templated":true}]}}